{"id":6902,"date":"2024-02-02T16:29:25","date_gmt":"2024-02-02T16:29:25","guid":{"rendered":"https:\/\/revuepostures.uqam.ca\/2024\/07\/04\/ecrire-le-lieu-modalites-de-la-representation-spatiale-hiver-2020-numero-31\/"},"modified":"2024-07-23T22:52:55","modified_gmt":"2024-07-23T22:52:55","slug":"ecrire-le-lieu-modalites-de-la-representation-spatiale-hiver-2020-numero-31","status":"publish","type":"post","link":"https:\/\/revuepostures.uqam.ca\/?p=6902","title":{"rendered":"\u00c9crire le lieu\u00a0: modalit\u00e9s de la repr\u00e9sentation spatiale"},"content":{"rendered":"\n<h5 class=\"wp-block-heading\">Hiver 2020, Num\u00e9ro 31<\/h5>\n\n\n\n<p class=\"wp-block-paragraph\">Ce trenti\u00e8me-et-uni\u00e8me num\u00e9ro proposait aux auteurs\u00b7rices de s\u2019int\u00e9resser au versant spatial de la litt\u00e9rature.&nbsp;Le lieu, lorsqu\u2019il na\u00eet de la plume, n\u2019est jamais atone&nbsp;: il foisonne plus qu\u2019il renferme, il t\u00e9moigne plus qu\u2019il cache, il r\u00e9v\u00e8le plus qu\u2019il rec\u00e8le.<\/p>\n\n\n\n<hr class=\"wp-block-separator has-alpha-channel-opacity\"\/>\n\n\n\n<h6 class=\"wp-block-heading\">Pr\u00e9face<\/h6>\n\n\n\n<h4 class=\"wp-block-heading\"><a href=\"https:\/\/revuepostures.uqam.ca\/?p=5691\" data-type=\"post\" data-id=\"5691\">\u00c9crire le lieu&nbsp;: une question de posture<\/a><\/h4>\n\n\n\n<p class=\"has-small-font-size wp-block-paragraph\">Bouvet, Rachel<\/p>\n\n\n\n<hr class=\"wp-block-separator has-alpha-channel-opacity\"\/>\n\n\n\n<h6 class=\"wp-block-heading\">Avant-propos<\/h6>\n\n\n\n<h4 class=\"wp-block-heading\"><a href=\"https:\/\/revuepostures.uqam.ca\/?p=5679\" data-type=\"post\" data-id=\"5679\">\u00c9crire le lieu&nbsp;: modalit\u00e9s de la repr\u00e9sentation spatiale<\/a><\/h4>\n\n\n\n<p class=\"has-small-font-size wp-block-paragraph\">Bauduin, \u00c9milie, Bergeron, \u00c9tienne, Blais, Marc-Antoine, Lafleur, Maude, L\u00e9geron, Karine<\/p>\n\n\n\n<hr class=\"wp-block-separator has-alpha-channel-opacity\"\/>\n\n\n\n<h6 class=\"wp-block-heading\">Parcourir les lieux&nbsp;: topographies et trajectoires po\u00e9tiques<\/h6>\n\n\n\n<h4 class=\"wp-block-heading\"><a href=\"https:\/\/revuepostures.uqam.ca\/?p=5690\" data-type=\"post\" data-id=\"5690\">La po\u00e9tique d\u2019Yves Bonnefoy ou le parti pris du lieu<\/a><\/h4>\n\n\n\n<p class=\"has-small-font-size wp-block-paragraph\">Meshkinfam, Gabriel<\/p>\n\n\n\n<h4 class=\"wp-block-heading\"><a href=\"https:\/\/revuepostures.uqam.ca\/?p=5689\" data-type=\"post\" data-id=\"5689\">Topographie, \u00e9criture et oralit\u00e9 dans&nbsp;<em>Piter Pan dans les Jardins de Kensington<\/em>&nbsp;de J. M. Barrie<\/a><\/h4>\n\n\n\n<p class=\"has-small-font-size wp-block-paragraph\">Beauchemin-Laporte, L\u00e9a<\/p>\n\n\n\n<h4 class=\"wp-block-heading\"><a href=\"https:\/\/revuepostures.uqam.ca\/?p=5688\" data-type=\"post\" data-id=\"5688\">Le d\u00e9placement de soi dans la r\u00eaverie : les lieux dans&nbsp;<em>Les R\u00eaveries du Promeneur solitaire<\/em>&nbsp;de Jean-Jacques Rousseau<\/a><\/h4>\n\n\n\n<p class=\"has-small-font-size wp-block-paragraph\">Bernier, Ambroise<\/p>\n\n\n\n<hr class=\"wp-block-separator has-alpha-channel-opacity\"\/>\n\n\n\n<h6 class=\"wp-block-heading\">Laisser sa marque : lieux et violences<\/h6>\n\n\n\n<h4 class=\"wp-block-heading\"><a href=\"https:\/\/revuepostures.uqam.ca\/?p=5687\" data-type=\"post\" data-id=\"5687\">Dire la violence des lieux concentrationnaires&nbsp;: la convergence des m\u00e9moires de la Shoah et de l\u2019esclavage dans&nbsp;<em>L\u2019\u00c9toile noire<\/em>&nbsp;de Michelle Maillet<\/a><\/h4>\n\n\n\n<p class=\"has-small-font-size wp-block-paragraph\">Ouedraogo, Paola<\/p>\n\n\n\n<h4 class=\"wp-block-heading\"><a href=\"https:\/\/revuepostures.uqam.ca\/?p=5686\" data-type=\"post\" data-id=\"5686\">La po\u00e9tique de l\u2019espace : une topographie de la m\u00e9moire du trauma dans&nbsp;<em>Peut-\u00catre Esther<\/em>&nbsp;de Katja Petrovska\u00efa<\/a><\/h4>\n\n\n\n<p class=\"has-small-font-size wp-block-paragraph\">Tirkawi, Tasn\u00eem<\/p>\n\n\n\n<hr class=\"wp-block-separator has-alpha-channel-opacity\"\/>\n\n\n\n<h6 class=\"wp-block-heading\">En marge : espaces investis, espaces identitaires<\/h6>\n\n\n\n<h4 class=\"wp-block-heading\"><a href=\"https:\/\/revuepostures.uqam.ca\/?p=5685\" data-type=\"post\" data-id=\"5685\">Spatialit\u00e9 de l\u2019intimit\u00e9 sexuelle dans l\u2019\u0153uvre d\u2019Abdellah Ta\u00efa : d\u2019un \u00ab chez soi \u00bb impossible \u00e0 l\u2019espace public<\/a><\/h4>\n\n\n\n<p class=\"has-small-font-size wp-block-paragraph\">Caiazzo, Francesca<\/p>\n\n\n\n<h4 class=\"wp-block-heading\"><a href=\"https:\/\/revuepostures.uqam.ca\/?p=5684\" data-type=\"post\" data-id=\"5684\">\u00ab Un dimanche \u00e0 Mytil\u00e8ne \u00bb : topographies de l\u2019exotisme dans&nbsp;<em>Dons des f\u00e9minines&nbsp;<\/em>(1951) de Valentine Penrose<\/a><\/h4>\n\n\n\n<p class=\"has-small-font-size wp-block-paragraph\">Kearney, Beth Fenn<\/p>\n\n\n\n<hr class=\"wp-block-separator has-alpha-channel-opacity\"\/>\n\n\n\n<h6 class=\"wp-block-heading\">Cartographier la ville : du chez-soi aux non-lieux<\/h6>\n\n\n\n<h4 class=\"wp-block-heading\"><a href=\"https:\/\/revuepostures.uqam.ca\/?p=5683\" data-type=\"post\" data-id=\"5683\"><em>Saufs<\/em>&nbsp;de Fannie Loiselle : disparition et subversion \u00e0 Brossard<\/a><\/h4>\n\n\n\n<p class=\"has-small-font-size wp-block-paragraph\">Savignac, Rosemarie<\/p>\n\n\n\n<h4 class=\"wp-block-heading\"><a href=\"https:\/\/revuepostures.uqam.ca\/?p=5682\" data-type=\"post\" data-id=\"5682\">Fuir l\u2019utopie&nbsp;: La \u00ab&nbsp;Montr\u00e9alit\u00e9&nbsp;\u00bb de Lary Kidd et le lieu du non-\u00eatre<\/a><\/h4>\n\n\n\n<p class=\"has-small-font-size wp-block-paragraph\">B\u00e9rub\u00e9-Montanchez, Pablo<\/p>\n\n\n\n<h4 class=\"wp-block-heading\"><a href=\"https:\/\/revuepostures.uqam.ca\/?p=5681\" data-type=\"post\" data-id=\"5681\">Partout chez lui, chez lui nulle part&nbsp;: le narrateur toussaintien vit \u00e0 l\u2019h\u00f4tel<\/a><\/h4>\n\n\n\n<p class=\"has-small-font-size wp-block-paragraph\">Rachet, Cl\u00e9mentin<\/p>\n\n\n\n<hr class=\"wp-block-separator has-alpha-channel-opacity\"\/>\n\n\n\n<h6 class=\"wp-block-heading\">Hors-dossier<\/h6>\n\n\n\n<h4 class=\"wp-block-heading\"><a href=\"https:\/\/revuepostures.uqam.ca\/?p=5680\" data-type=\"post\" data-id=\"5680\">Dans l\u2019urgence d\u2019\u00e9crire la trace : pour une lecture \u00e9nonciative et discursive de&nbsp;<em>Notre vie dans les for\u00eats<\/em>&nbsp;de Marie Darrieussecq<\/a><\/h4>\n\n\n\n<p class=\"has-small-font-size wp-block-paragraph\">Lamoureux, Fr\u00e9d\u00e9rique<\/p>\n\n\n\n<hr class=\"wp-block-separator has-alpha-channel-opacity\"\/>\n\n\n\n<h6 class=\"wp-block-heading\">\u00c9quipe<\/h6>\n\n\n\n<p class=\"wp-block-paragraph\"><strong>Directeur<\/strong> : \u00c9tienne Bergeron<\/p>\n\n\n\n<p class=\"wp-block-paragraph\"><strong>R\u00e9dacteur\u00b7rices en chef<\/strong> : Marc-Antoine Blais, Maude Lafleur<\/p>\n\n\n\n<p class=\"wp-block-paragraph\"><strong>Comit\u00e9 de r\u00e9daction<\/strong> : \u00c9milie Bauduin, \u00c9tienne Bergeron, Marc-Antoine Blais, Florence Brassard, C\u00e9cile Huysman, Savannah Kocevar, Maude Lafleur, Esther Laforce, Oph\u00e9lie Langlois, Karine L\u00e9geron, Aramesh Yaghoubi<\/p>\n\n\n\n<p class=\"wp-block-paragraph\"><strong>Comit\u00e9 de r\u00e9vision<\/strong> : \u00c9milie Bauduin, \u00c9tienne Bergeron, Marc-Antoine Blais, Florence Brassard, Allan Deneuville, H\u00e9l\u00e8ne Gravel, C\u00e9cile Huysman, Savannah Kocevar, Maude Lafleur, Esther Laforce, Karine L\u00e9geron, Aramesh Yaghoubi<\/p>\n\n\n\n<p class=\"wp-block-paragraph\"><strong>Responsable des finances<\/strong> : \u00c9milie Bauduin<\/p>\n\n\n\n<p class=\"wp-block-paragraph\"><strong>Responsable des communications<\/strong> : Karine L\u00e9geron<\/p>\n\n\n\n<hr class=\"wp-block-separator has-alpha-channel-opacity\"\/>\n\n\n\n<h6 class=\"wp-block-heading\">Pour citer :<\/h6>\n\n\n\n<p class=\"wp-block-paragraph\">Bergeron, \u00c9tienne, Marc-Antoine Blais et Maude Lafleur (dir.). 2020.&nbsp;Postures, no. 31 (Hiver) : Dossier \u00ab&nbsp;\u00c9crire le lieu : modalit\u00e9s de la repr\u00e9sentation spatiale&nbsp;\u00bb.&nbsp;<a href=\"https:\/\/revuepostures.uqam.ca\/?p=6902\">https:\/\/revuepostures.uqam.ca\/?p=6902<\/a>&nbsp;(Consult\u00e9 le xx \/ xx \/ xxx)<\/p>\n","protected":false},"excerpt":{"rendered":"<p>Hiver 2020, Num\u00e9ro 31<\/p>\n","protected":false},"author":4,"featured_media":1024,"comment_status":"closed","ping_status":"open","sticky":false,"template":"","format":"standard","meta":{"_coblocks_attr":"","_coblocks_dimensions":"","_coblocks_responsive_height":"","_coblocks_accordion_ie_support":"","_themeisle_gutenberg_block_has_review":false,"footnotes":""},"categories":[1130],"tags":[32,39,203],"class_list":["post-6902","post","type-post","status-publish","format-standard","has-post-thumbnail","hentry","category-numero","tag-bergeron-etienne","tag-blais-marc-antoine","tag-lafleur-maude"],"_links":{"self":[{"href":"https:\/\/revuepostures.uqam.ca\/index.php?rest_route=\/wp\/v2\/posts\/6902","targetHints":{"allow":["GET"]}}],"collection":[{"href":"https:\/\/revuepostures.uqam.ca\/index.php?rest_route=\/wp\/v2\/posts"}],"about":[{"href":"https:\/\/revuepostures.uqam.ca\/index.php?rest_route=\/wp\/v2\/types\/post"}],"author":[{"embeddable":true,"href":"https:\/\/revuepostures.uqam.ca\/index.php?rest_route=\/wp\/v2\/users\/4"}],"replies":[{"embeddable":true,"href":"https:\/\/revuepostures.uqam.ca\/index.php?rest_route=%2Fwp%2Fv2%2Fcomments&post=6902"}],"version-history":[{"count":5,"href":"https:\/\/revuepostures.uqam.ca\/index.php?rest_route=\/wp\/v2\/posts\/6902\/revisions"}],"predecessor-version":[{"id":7576,"href":"https:\/\/revuepostures.uqam.ca\/index.php?rest_route=\/wp\/v2\/posts\/6902\/revisions\/7576"}],"wp:featuredmedia":[{"embeddable":true,"href":"https:\/\/revuepostures.uqam.ca\/index.php?rest_route=\/wp\/v2\/media\/1024"}],"wp:attachment":[{"href":"https:\/\/revuepostures.uqam.ca\/index.php?rest_route=%2Fwp%2Fv2%2Fmedia&parent=6902"}],"wp:term":[{"taxonomy":"category","embeddable":true,"href":"https:\/\/revuepostures.uqam.ca\/index.php?rest_route=%2Fwp%2Fv2%2Fcategories&post=6902"},{"taxonomy":"post_tag","embeddable":true,"href":"https:\/\/revuepostures.uqam.ca\/index.php?rest_route=%2Fwp%2Fv2%2Ftags&post=6902"}],"curies":[{"name":"wp","href":"https:\/\/api.w.org\/{rel}","templated":true}]}}