{"id":6904,"date":"2024-02-06T16:29:25","date_gmt":"2024-02-06T16:29:25","guid":{"rendered":"https:\/\/revuepostures.uqam.ca\/2024\/07\/04\/actes-du-xxve-colloque-interuniversitaire-etudiant-de-litterature-ciel-2020-ete-2021-hors-serie-03\/"},"modified":"2024-07-23T22:53:44","modified_gmt":"2024-07-23T22:53:44","slug":"actes-du-xxve-colloque-interuniversitaire-etudiant-de-litterature-ciel-2020-ete-2021-hors-serie-03","status":"publish","type":"post","link":"https:\/\/revuepostures.uqam.ca\/?p=6904","title":{"rendered":"Actes du XXVe Colloque interuniversitaire \u00e9tudiant de litt\u00e9rature (CIEL 2020)"},"content":{"rendered":"\n<h5 class=\"wp-block-heading\">\u00c9t\u00e9 2021, Hors s\u00e9rie 03<\/h5>\n\n\n\n<p class=\"wp-block-paragraph\">Dans ce troisi\u00e8me num\u00e9ro hors s\u00e9rie,&nbsp;<em>Postures&nbsp;<\/em>pr\u00e9sente une version \u00e9crite de la vingt-cinqui\u00e8me \u00e9dition du Colloque interuniversitaire \u00e9tudiant de litt\u00e9rature (CIEL).<\/p>\n\n\n\n<hr class=\"wp-block-separator has-alpha-channel-opacity\"\/>\n\n\n\n<h6 class=\"wp-block-heading\">Pr\u00e9face<\/h6>\n\n\n\n<h4 class=\"wp-block-heading\"><a href=\"https:\/\/revuepostures.uqam.ca\/?p=5703\" data-type=\"post\" data-id=\"5703\">Parler et se taire<\/a><\/h4>\n\n\n\n<p class=\"has-small-font-size wp-block-paragraph\">Farah, Alain<\/p>\n\n\n\n<hr class=\"wp-block-separator has-alpha-channel-opacity\"\/>\n\n\n\n<h6 class=\"wp-block-heading\">Avant-propos<\/h6>\n\n\n\n<h4 class=\"wp-block-heading\"><a href=\"https:\/\/revuepostures.uqam.ca\/?p=5702\" data-type=\"post\" data-id=\"5702\">Le CIEL f\u00eate ses vingt-cinq ans! Et apr\u00e8s?<\/a><\/h4>\n\n\n\n<p class=\"has-small-font-size wp-block-paragraph\">Kogut, Magdalena, Lamer, Marilyne<\/p>\n\n\n\n<hr class=\"wp-block-separator has-alpha-channel-opacity\"\/>\n\n\n\n<h6 class=\"wp-block-heading\"><a href=\"https:\/\/revuepostures.com\/fr\/sections\/actes-du-colloque\">Actes du colloque<\/a><\/h6>\n\n\n\n<h4 class=\"wp-block-heading\"><a href=\"https:\/\/revuepostures.uqam.ca\/?p=5707\" data-type=\"post\" data-id=\"5707\">Les usages de la m\u00e9moire dans la&nbsp;<em>Vie par elle-m\u00eame<\/em>&nbsp;de Madame Guyon<\/a><\/h4>\n\n\n\n<p class=\"has-small-font-size wp-block-paragraph\">Guit\u00e9-Verret, St\u00e9phanie<\/p>\n\n\n\n<h4 class=\"wp-block-heading\"><a href=\"https:\/\/revuepostures.uqam.ca\/?p=5706\" data-type=\"post\" data-id=\"5706\">Balzac et Joseph de Maistre, esprits d\u2019une m\u00eame famille? Liens implicites dans l\u2019\u0153uvre critique de Barbey d\u2019Aurevilly<\/a><\/h4>\n\n\n\n<p class=\"has-small-font-size wp-block-paragraph\">Bergeron, Fabrice C.<\/p>\n\n\n\n<h4 class=\"wp-block-heading\"><a href=\"https:\/\/revuepostures.uqam.ca\/?p=5670\" data-type=\"post\" data-id=\"5670\">L\u2019envers du d\u00e9cor. Le discours biographique des manuels scolaires sur Gratien G\u00e9linas et Marcel Dub\u00e9<\/a><\/h4>\n\n\n\n<p class=\"has-small-font-size wp-block-paragraph\">Pelletier, Eug\u00e9nie-Rapha\u00eblle<\/p>\n\n\n\n<h4 class=\"wp-block-heading\"><a href=\"https:\/\/revuepostures.uqam.ca\/?p=5669\" data-type=\"post\" data-id=\"5669\">L\u2019h\u00e9ritage du p\u00e8re. Une biblioth\u00e8que au milieu du bois<\/a><\/h4>\n\n\n\n<p class=\"has-small-font-size wp-block-paragraph\">Jutras, Alexandre<\/p>\n\n\n\n<h4 class=\"wp-block-heading\"><a href=\"https:\/\/revuepostures.uqam.ca\/?p=5705\" data-type=\"post\" data-id=\"5705\">Le CIEL ou L\u2019occasion des premi\u00e8res armes : entretien avec Rapha\u00eblle D\u00e9clo\u00eetre<\/a><\/h4>\n\n\n\n<p class=\"has-small-font-size wp-block-paragraph\">D\u00e9clo\u00eetre, Rapha\u00eblle, Lamer, Marilyne, Kogut, Magdalena<\/p>\n\n\n\n<hr class=\"wp-block-separator has-alpha-channel-opacity\"\/>\n\n\n\n<h6 class=\"wp-block-heading\">\u00c9quipe<\/h6>\n\n\n\n<p class=\"wp-block-paragraph\"><strong>Direction du num\u00e9ro<\/strong> : Magdalena Kogut, Marilyne Lamer<\/p>\n\n\n\n<p class=\"wp-block-paragraph\"><strong>Comit\u00e9 scientifique<\/strong> : \u00c9milie&nbsp;Bauduin, Arnaud Bernadet, Denise Brassard, Florence Brassard, Sarah Gauthier, Magdalena Kogut, Marilyne Lamer, Beno\u00eet Melan\u00e7on, Virginie Turcot<\/p>\n\n\n\n<p class=\"wp-block-paragraph\"><strong>Comit\u00e9 de r\u00e9vision<\/strong> : \u00c9milie&nbsp;Bauduin, Guillaume Bellehumeur, Arnaud Bernadet, Florence Brassard, Magdalena Kogut, Marilyne Lamer<\/p>\n\n\n\n<p class=\"wp-block-paragraph\"><strong>Graphisme<\/strong> : Elen Koley (du collectif&nbsp;<em>Deux huit \u00e0 3<\/em>)<\/p>\n\n\n\n<p class=\"wp-block-paragraph\"><strong>Directeur de la revue<\/strong> : Marc-Antoine Blais<\/p>\n\n\n\n<p class=\"wp-block-paragraph\"><strong>R\u00e9dactrices en chef<\/strong> : \u00c9milie Bauduin, Florence Brassard<\/p>\n\n\n\n<p class=\"wp-block-paragraph\"><strong>Responsable des finances<\/strong> : Andr\u00e9a Roy-Binette<\/p>\n\n\n\n<p class=\"wp-block-paragraph\"><strong>Responsable des communications<\/strong> : Rosemarie Savignac<\/p>\n\n\n\n<hr class=\"wp-block-separator has-alpha-channel-opacity\"\/>\n\n\n\n<h6 class=\"wp-block-heading\">Pour citer :<\/h6>\n\n\n\n<p class=\"wp-block-paragraph\">Kogut, Magdalena et Marilyne Lamer (dir.). 2021. <em>Postures<\/em>, Hors s\u00e9rie n\u00b03 : Dossier \u00ab Actes du XXVe Colloque interuniversitaire \u00e9tudiant de litt\u00e9rature (CIEL 2020) \u00bb, En ligne &lt;<a href=\"https:\/\/revuepostures.uqam.ca\/?p=6904\">https:\/\/revuepostures.uqam.ca\/?p=6904<\/a>&gt; (Consult\u00e9 le xx \/ xx \/ xxxx).<\/p>\n","protected":false},"excerpt":{"rendered":"<p>\u00c9t\u00e9 2021, Hors s\u00e9rie 03<\/p>\n","protected":false},"author":4,"featured_media":972,"comment_status":"closed","ping_status":"open","sticky":false,"template":"","format":"standard","meta":{"_coblocks_attr":"","_coblocks_dimensions":"","_coblocks_responsive_height":"","_coblocks_accordion_ie_support":"","_themeisle_gutenberg_block_has_review":false,"footnotes":""},"categories":[1130],"tags":[194,209],"class_list":["post-6904","post","type-post","status-publish","format-standard","has-post-thumbnail","hentry","category-numero","tag-kogut-magdalena","tag-lamer-marilyne"],"_links":{"self":[{"href":"https:\/\/revuepostures.uqam.ca\/index.php?rest_route=\/wp\/v2\/posts\/6904","targetHints":{"allow":["GET"]}}],"collection":[{"href":"https:\/\/revuepostures.uqam.ca\/index.php?rest_route=\/wp\/v2\/posts"}],"about":[{"href":"https:\/\/revuepostures.uqam.ca\/index.php?rest_route=\/wp\/v2\/types\/post"}],"author":[{"embeddable":true,"href":"https:\/\/revuepostures.uqam.ca\/index.php?rest_route=\/wp\/v2\/users\/4"}],"replies":[{"embeddable":true,"href":"https:\/\/revuepostures.uqam.ca\/index.php?rest_route=%2Fwp%2Fv2%2Fcomments&post=6904"}],"version-history":[{"count":7,"href":"https:\/\/revuepostures.uqam.ca\/index.php?rest_route=\/wp\/v2\/posts\/6904\/revisions"}],"predecessor-version":[{"id":7577,"href":"https:\/\/revuepostures.uqam.ca\/index.php?rest_route=\/wp\/v2\/posts\/6904\/revisions\/7577"}],"wp:featuredmedia":[{"embeddable":true,"href":"https:\/\/revuepostures.uqam.ca\/index.php?rest_route=\/wp\/v2\/media\/972"}],"wp:attachment":[{"href":"https:\/\/revuepostures.uqam.ca\/index.php?rest_route=%2Fwp%2Fv2%2Fmedia&parent=6904"}],"wp:term":[{"taxonomy":"category","embeddable":true,"href":"https:\/\/revuepostures.uqam.ca\/index.php?rest_route=%2Fwp%2Fv2%2Fcategories&post=6904"},{"taxonomy":"post_tag","embeddable":true,"href":"https:\/\/revuepostures.uqam.ca\/index.php?rest_route=%2Fwp%2Fv2%2Ftags&post=6904"}],"curies":[{"name":"wp","href":"https:\/\/api.w.org\/{rel}","templated":true}]}}