{"id":6909,"date":"2024-02-10T16:29:26","date_gmt":"2024-02-10T16:29:26","guid":{"rendered":"https:\/\/revuepostures.uqam.ca\/2024\/07\/04\/anamnese-oubli-et-oublie%c2%b7e%c2%b7s-en-litterature-hiver-2023-numero-37\/"},"modified":"2024-07-23T22:26:53","modified_gmt":"2024-07-23T22:26:53","slug":"anamnese-oubli-et-oublie%c2%b7e%c2%b7s-en-litterature-hiver-2023-numero-37","status":"publish","type":"post","link":"https:\/\/revuepostures.uqam.ca\/?p=6909","title":{"rendered":"Anamn\u00e8se : oubli et oubli\u00e9\u00b7e\u00b7s en litt\u00e9rature"},"content":{"rendered":"\n<h5 class=\"wp-block-heading\"><br>Hiver 2023, Num\u00e9ro 37<\/h5>\n\n\n\n<p><span id=\"docs-internal-guid-30156125-7fff-9c02-97c8-b5c97e8b1031\">Pour son trente-septi\u00e8me num\u00e9ro, <em>Postures<\/em> invitait les chercheur\u00b7euse\u00b7s \u00e0 \u00e9tudier le texte litt\u00e9raire et les liens qu\u2019il entretient avec l\u2019oubli et les oubli\u00e9\u00b7e\u00b7s de la litt\u00e9rature, les mani\u00e8res par lesquelles il peut contrer l\u2019oubli et lutter contre \u00ab les crimes imprescriptibles \u00bb (Ric\u0153ur 2006, 21) gr\u00e2ce \u00e0 la comm\u00e9moration et \u00e0 la rem\u00e9moration, et les fa\u00e7ons par lesquelles il ouvre la voie (et offre une voix) pour penser au-del\u00e0 de l\u2019h\u00e9g\u00e9monie et du canon litt\u00e9raire.<\/span><\/p>\n\n\n\n<hr class=\"wp-block-separator has-alpha-channel-opacity\"\/>\n\n\n\n<h6 class=\"wp-block-heading\">Pr\u00e9face<\/h6>\n\n\n\n<h4 class=\"wp-block-heading\"><a href=\"https:\/\/revuepostures.uqam.ca\/?p=5754\" data-type=\"post\" data-id=\"5754\">Something Went Wrong. L&rsquo;oubli artificiel<\/a><\/h4>\n\n\n\n<p class=\"has-small-font-size\">Gervais, Bertrand<\/p>\n\n\n\n<hr class=\"wp-block-separator has-alpha-channel-opacity\"\/>\n\n\n\n<h6 class=\"wp-block-heading\">Avant-propos<\/h6>\n\n\n\n<h4 class=\"wp-block-heading\"><a href=\"https:\/\/revuepostures.uqam.ca\/?p=5753\" data-type=\"post\" data-id=\"5753\">Anamn\u00e8se : oubli et oubli\u00e9\u00b7e\u00b7s en litt\u00e9rature<\/a><\/h4>\n\n\n\n<p class=\"has-small-font-size\">Berger Soucie, Kevin, Fiset, Yohann-Micka\u00ebl, Hammar, Liza, Giroux, Alexia, Lapointe, Marie-Catherine<\/p>\n\n\n\n<hr class=\"wp-block-separator has-alpha-channel-opacity\"\/>\n\n\n\n<h6 class=\"wp-block-heading\"><a href=\"https:\/\/revuepostures.com\/fr\/sections\/loubli\">L&rsquo;oubli<\/a><\/h6>\n\n\n\n<h4 class=\"wp-block-heading\"><a href=\"https:\/\/revuepostures.uqam.ca\/?p=5758\" data-type=\"post\" data-id=\"5758\">L&rsquo;\u00e9criture de l&rsquo;ant\u00e9riorit\u00e9 chez Annie Ernaux<\/a><\/h4>\n\n\n\n<p class=\"has-small-font-size\">Kingsley, Marie-\u00c8ve<\/p>\n\n\n\n<h4 class=\"wp-block-heading\"><a href=\"https:\/\/revuepostures.uqam.ca\/?p=5757\" data-type=\"post\" data-id=\"5757\">Le \u00ab Livre des traces \u00bb comme m\u00e9taphore de la lisibilit\u00e9 du monde dans&nbsp;<em>Nous qui n&rsquo;\u00e9tions rien&nbsp;<\/em>de Madeleine Thien<\/a><\/h4>\n\n\n\n<p class=\"has-small-font-size\">Boivin, Agla\u00e9<\/p>\n\n\n\n<h4 class=\"wp-block-heading\"><a href=\"https:\/\/revuepostures.uqam.ca\/?p=5756\" data-type=\"post\" data-id=\"5756\">L&rsquo;\u00e9criture comme une arme pour endiguer l&rsquo;oubli : le corpus carc\u00e9ral de Goliarda Sapienza au prisme du \u00ab pacte avec le t\u00e9moin \u00bb<\/a><\/h4>\n\n\n\n<p class=\"has-small-font-size\">Capraro, Mara<\/p>\n\n\n\n<hr class=\"wp-block-separator has-alpha-channel-opacity\"\/>\n\n\n\n<h6 class=\"wp-block-heading\"><a href=\"https:\/\/revuepostures.com\/fr\/sections\/les-oubliees\">Les oubli\u00e9\u00b7e\u00b7s<\/a><\/h6>\n\n\n\n<h4 class=\"wp-block-heading\"><a href=\"https:\/\/revuepostures.uqam.ca\/?p=5760\" data-type=\"post\" data-id=\"5760\">R\u00e9ception de Victor Segalen : de l\u2019oubli \u00e0 l\u2019exhumation<\/a><\/h4>\n\n\n\n<p class=\"has-small-font-size\">Ouchari, Said<\/p>\n\n\n\n<h4 class=\"wp-block-heading\"><a href=\"https:\/\/revuepostures.uqam.ca\/?p=5759\" data-type=\"post\" data-id=\"5759\"><em>Profil de l&rsquo;orignal<\/em>&nbsp;d&rsquo;Andr\u00e9e Maillet ou Le \u00ab classique \u00bb oubli\u00e9<\/a><\/h4>\n\n\n\n<p class=\"has-small-font-size\">Caron-Veilleux, Victor<\/p>\n\n\n\n<h4 class=\"wp-block-heading\"><a href=\"https:\/\/revuepostures.uqam.ca\/?p=5755\" data-type=\"post\" data-id=\"5755\"><em>Punk is not dead<\/em>&nbsp;: une lecture du&nbsp;<em>Livre o\u00f9 la poule meurt \u00e0 la fin<\/em><\/a><\/h4>\n\n\n\n<p class=\"has-small-font-size\">Lapointe, Marie-Catherine<\/p>\n\n\n\n<hr class=\"wp-block-separator has-alpha-channel-opacity\"\/>\n\n\n\n<h6 class=\"wp-block-heading\"><a href=\"https:\/\/revuepostures.com\/fr\/sections\/hors-dossier-14\">Hors-dossier<\/a><\/h6>\n\n\n\n<h4 class=\"wp-block-heading\"><a href=\"https:\/\/revuepostures.uqam.ca\/?p=5752\" data-type=\"post\" data-id=\"5752\">Enjeux sociologiques autour de l\u2019\u00e9criture de la souffrance f\u00e9minine. \u00c9tude de deux cas :&nbsp;<em>Borderline<\/em>&nbsp;de Marie-Sissi Labr\u00e8che et&nbsp;<em>Trente<\/em>&nbsp;de Marie Darsigny<\/a><\/h4>\n\n\n\n<p class=\"has-small-font-size\">Bilodeau, Sarah-Maude<\/p>\n\n\n\n<h4 class=\"wp-block-heading\"><a href=\"https:\/\/revuepostures.uqam.ca\/?p=5751\" data-type=\"post\" data-id=\"5751\">\u00c9crire le d\u00e9go\u00fbt d\u2019\u00eatre h\u00e9ritier dans&nbsp;<em>Nom<\/em>&nbsp;de Constance Debr\u00e9<\/a><\/h4>\n\n\n\n<p class=\"has-small-font-size\">lamoureux, rachel<\/p>\n\n\n\n<hr class=\"wp-block-separator has-alpha-channel-opacity\"\/>\n\n\n\n<h6 class=\"wp-block-heading\">\u00c9quipe<\/h6>\n\n\n\n<p><strong>Directrice<\/strong> : Alexia Giroux<\/p>\n\n\n\n<p><strong>R\u00e9dacteur.rices en chef<\/strong> : Kevin Berger Soucie, Liza Hammar<\/p>\n\n\n\n<p><strong>Comit\u00e9 de r\u00e9daction<\/strong> : Sophie Archambault, Kevin Berger Soucie, Pierre Gabriel Dumoulin, Jessee Chouinard, Yohann-Micka\u00ebl Fiset, Alexia Giroux, Catrina Grenier, Liza Hammar, Marie-Catherine Lapointe, Sabrina Rinfret-Viger<\/p>\n\n\n\n<p><strong>Comit\u00e9 de r\u00e9vision<\/strong> : Kevin Berger Soucie, Jessee Chouinard, Yohann-Micka\u00ebl Fiset, Marion Gingras-Gagn\u00e9, Alexia Giroux, Catrina Grenier, Liza Hammar, Marie-Catherine Lapointe, C\u00e9cilia Morin, Azucena Pelland-Ortiz, Sabrina Rinfret-Viger<\/p>\n\n\n\n<p><strong>Responsable des finances<\/strong> : Yohann Micka\u00ebl-Fiset<\/p>\n\n\n\n<p><strong>Responsable des communications<\/strong> : Marie-Catherine Lapointe<\/p>\n\n\n\n<p><strong>Illustration<\/strong> : Emma Desjean<\/p>\n\n\n\n<hr class=\"wp-block-separator has-alpha-channel-opacity\"\/>\n\n\n\n<h6 class=\"wp-block-heading\">Pour citer :&nbsp;<\/h6>\n\n\n\n<p>Berger Soucie, Kevin, Alexia Giroux et Liza Hammar (dir.). 2023.&nbsp;<em>Postures<\/em>, Dossier \u00ab Anamn\u00e8se : oubli et oubli\u00e9\u00b7e\u00b7s en litt\u00e9rature \u00bb, no 37, En ligne &lt;<a href=\"https:\/\/revuepostures.uqam.ca\/?p=6909\">https:\/\/revuepostures.uqam.ca\/?p=6909<\/a>&gt; (Consult\u00e9 le xx \/ xx \/ xxxx).<\/p>\n","protected":false},"excerpt":{"rendered":"<p>Hiver 2023, Num\u00e9ro 37<\/p>\n","protected":false},"author":4,"featured_media":962,"comment_status":"closed","ping_status":"open","sticky":false,"template":"","format":"standard","meta":{"_coblocks_attr":"","_coblocks_dimensions":"","_coblocks_responsive_height":"","_coblocks_accordion_ie_support":"","_themeisle_gutenberg_block_has_review":false,"footnotes":""},"categories":[1130],"tags":[30,164,175],"class_list":["post-6909","post","type-post","status-publish","format-standard","has-post-thumbnail","hentry","category-numero","tag-berger-soucie-kevin","tag-giroux-alexia","tag-hammar-liza"],"_links":{"self":[{"href":"https:\/\/revuepostures.uqam.ca\/index.php?rest_route=\/wp\/v2\/posts\/6909","targetHints":{"allow":["GET"]}}],"collection":[{"href":"https:\/\/revuepostures.uqam.ca\/index.php?rest_route=\/wp\/v2\/posts"}],"about":[{"href":"https:\/\/revuepostures.uqam.ca\/index.php?rest_route=\/wp\/v2\/types\/post"}],"author":[{"embeddable":true,"href":"https:\/\/revuepostures.uqam.ca\/index.php?rest_route=\/wp\/v2\/users\/4"}],"replies":[{"embeddable":true,"href":"https:\/\/revuepostures.uqam.ca\/index.php?rest_route=%2Fwp%2Fv2%2Fcomments&post=6909"}],"version-history":[{"count":16,"href":"https:\/\/revuepostures.uqam.ca\/index.php?rest_route=\/wp\/v2\/posts\/6909\/revisions"}],"predecessor-version":[{"id":9576,"href":"https:\/\/revuepostures.uqam.ca\/index.php?rest_route=\/wp\/v2\/posts\/6909\/revisions\/9576"}],"wp:featuredmedia":[{"embeddable":true,"href":"https:\/\/revuepostures.uqam.ca\/index.php?rest_route=\/wp\/v2\/media\/962"}],"wp:attachment":[{"href":"https:\/\/revuepostures.uqam.ca\/index.php?rest_route=%2Fwp%2Fv2%2Fmedia&parent=6909"}],"wp:term":[{"taxonomy":"category","embeddable":true,"href":"https:\/\/revuepostures.uqam.ca\/index.php?rest_route=%2Fwp%2Fv2%2Fcategories&post=6909"},{"taxonomy":"post_tag","embeddable":true,"href":"https:\/\/revuepostures.uqam.ca\/index.php?rest_route=%2Fwp%2Fv2%2Ftags&post=6909"}],"curies":[{"name":"wp","href":"https:\/\/api.w.org\/{rel}","templated":true}]}}