{"id":103,"count":1,"description":"David Desrosiers est \u00e9tudiant \u00e0 la ma\u00eetrise au D\u00e9partement des litt\u00e9ratures de langue fran\u00e7aise de l\u2019Universit\u00e9 de Montr\u00e9al. Il a entrepris, sous la direction de Catherine Mavrikakis, la r\u00e9daction d\u2019un m\u00e9moire intitul\u00e9 \u00ab M\u00e9moire de la culture, M\u00e9moire de la barbarie. Le r\u00f4le de l\u2019intertextualit\u00e9 dans le t\u00e9moignage de Jorge Semprun sur le camp de concentration de Buchenwald. \u00bb Il est aussi l\u2019auteur d\u2019un article sur Louis-Ferdinand C\u00e9line \u2014 \u00ab M\u00e9decine et Pauvret\u00e9 \u00bb\u2014 paru dans la revue en ligne <em>\u00c9pist\u00e9mocritique<\/em>, vol. III, automne 2008.\r\n\r\n","link":"https:\/\/revuepostures.uqam.ca\/?tag=desrosiers-david","name":"Desrosiers, David","slug":"desrosiers-david","taxonomy":"post_tag","meta":[],"_links":{"self":[{"href":"https:\/\/revuepostures.uqam.ca\/index.php?rest_route=\/wp\/v2\/tags\/103","targetHints":{"allow":["GET"]}}],"collection":[{"href":"https:\/\/revuepostures.uqam.ca\/index.php?rest_route=\/wp\/v2\/tags"}],"about":[{"href":"https:\/\/revuepostures.uqam.ca\/index.php?rest_route=\/wp\/v2\/taxonomies\/post_tag"}],"wp:post_type":[{"href":"https:\/\/revuepostures.uqam.ca\/index.php?rest_route=%2Fwp%2Fv2%2Fposts&tags=103"}],"curies":[{"name":"wp","href":"https:\/\/api.w.org\/{rel}","templated":true}]}}