{"id":65,"count":1,"description":"Victor Caron-Veilleux poursuit des \u00e9tudes doctorales au D\u00e9partement d'\u00e9tudes litt\u00e9raire de l'Universit\u00e9 du Qu\u00e9bec \u00e0 Montr\u00e9al. Il s'int\u00e9resse particuli\u00e8rement aux archives litt\u00e9raires d'\u00e9crivain.e.s qu\u00e9b\u00e9cois.e.s par le prisme de la g\u00e9n\u00e9tique et de l'histoire litt\u00e9raire ainsi que de la sociologie de la litt\u00e9rature. Apr\u00e8s avoir consacr\u00e9 son m\u00e9moire de ma\u00eetrise \u00e0 la gen\u00e8se du roman\u00a0<em>\u00c0 la m\u00e9moire d'un h\u00e9ros\u00a0<\/em>d'Andr\u00e9e Maillet, son projet de th\u00e8se porte sur les trajectoires de cons\u00e9cration et d'oubli des \u00e9crivain.e.s laur\u00e9at.e.s du Prix du Crecle du livre de France.\r\n\r\n","link":"https:\/\/revuepostures.uqam.ca\/?tag=caron-veilleux-victor","name":"Caron-Veilleux, Victor","slug":"caron-veilleux-victor","taxonomy":"post_tag","meta":[],"_links":{"self":[{"href":"https:\/\/revuepostures.uqam.ca\/index.php?rest_route=\/wp\/v2\/tags\/65","targetHints":{"allow":["GET"]}}],"collection":[{"href":"https:\/\/revuepostures.uqam.ca\/index.php?rest_route=\/wp\/v2\/tags"}],"about":[{"href":"https:\/\/revuepostures.uqam.ca\/index.php?rest_route=\/wp\/v2\/taxonomies\/post_tag"}],"wp:post_type":[{"href":"https:\/\/revuepostures.uqam.ca\/index.php?rest_route=%2Fwp%2Fv2%2Fposts&tags=65"}],"curies":[{"name":"wp","href":"https:\/\/api.w.org\/{rel}","templated":true}]}}