{"id":90,"count":1,"description":"Doctorante en cotutelle entre l\u2019Universit\u00e9 McGill et l\u2019Universit\u00e9 Grenoble Alpes,\u00a0Rapha\u00eblle D\u00e9clo\u00eetre\u00a0s\u2019int\u00e9resse aux \u00e9critures all\u00e9goriques de la fin du Moyen \u00c2ge. Sa th\u00e8se porte plus sp\u00e9cifiquement sur les r\u00e9cits all\u00e9goriques de la seconde moiti\u00e9 du XVe\u00a0si\u00e8cle et du d\u00e9but du XVIe\u00a0si\u00e8cle, \u00e0 travers des r\u00e9flexions sur la mise en intrigue, la filiation et la tardivit\u00e9. Elle a notamment publi\u00e9 dans la revue\u00a0<em>Memini. Travaux et documents<\/em>.\r\n\r\n","link":"https:\/\/revuepostures.uqam.ca\/?tag=decloitre-raphaelle","name":"D\u00e9clo\u00eetre, Rapha\u00eblle","slug":"decloitre-raphaelle","taxonomy":"post_tag","meta":[],"_links":{"self":[{"href":"https:\/\/revuepostures.uqam.ca\/index.php?rest_route=\/wp\/v2\/tags\/90","targetHints":{"allow":["GET"]}}],"collection":[{"href":"https:\/\/revuepostures.uqam.ca\/index.php?rest_route=\/wp\/v2\/tags"}],"about":[{"href":"https:\/\/revuepostures.uqam.ca\/index.php?rest_route=\/wp\/v2\/taxonomies\/post_tag"}],"wp:post_type":[{"href":"https:\/\/revuepostures.uqam.ca\/index.php?rest_route=%2Fwp%2Fv2%2Fposts&tags=90"}],"curies":[{"name":"wp","href":"https:\/\/api.w.org\/{rel}","templated":true}]}}